{"id":287,"date":"2025-08-12T14:22:37","date_gmt":"2025-08-12T17:22:37","guid":{"rendered":"https:\/\/pirpirituba.pb.leg.br\/?p=287"},"modified":"2025-08-12T14:22:38","modified_gmt":"2025-08-12T17:22:38","slug":"suplente-de-vereador-pedro-barros-toma-posse-hoje-em-sessao-extraordinaria-na-camara-municipal-de-pirpirituba","status":"publish","type":"post","link":"https:\/\/pirpirituba.pb.leg.br\/noticias\/suplente-de-vereador-pedro-barros-toma-posse-hoje-em-sessao-extraordinaria-na-camara-municipal-de-pirpirituba\/","title":{"rendered":"Suplente de Vereador Pedro Barros Toma Posse Hoje em Sess\u00e3o Extraordin\u00e1ria na C\u00e2mara Municipal de Pirpirituba"},"content":{"rendered":"\n<p>Hoje, 12 de agosto, a C\u00e2mara Municipal de Pirpirituba realizar\u00e1 uma sess\u00e3o extraordin\u00e1ria para a posse do suplente de vereador Pedro Barros, do Podemos. O cargo, anteriormente ocupado por Jal de Bidel, foi aberto ap\u00f3s o convite feito ao vereador para assumir a Secretaria de Esportes e Lazer do munic\u00edpio.<\/p>\n\n\n\n<p>Pedro Barros, que j\u00e1 atuava como suplente, foi convocado pela Mesa Diretora da C\u00e2mara Municipal para ocupar a cadeira de vereador e dar continuidade aos trabalhos legislativos, representando a popula\u00e7\u00e3o pirpiritubense.<\/p>\n\n\n\n<p>Durante a sess\u00e3o, Pedro Barros se comprometer\u00e1 a atuar com seriedade e empenho em prol dos cidad\u00e3os de Pirpirituba, destacando a import\u00e2ncia de uma gest\u00e3o transparente e voltada para o desenvolvimento da cidade.<\/p>\n\n\n\n<p>J\u00e1 Jal de Bidel, ao assumir a Secretaria de Esportes e Lazer, ressaltou sua disposi\u00e7\u00e3o em continuar contribuindo para o fortalecimento das pol\u00edticas p\u00fablicas voltadas ao esporte e \u00e0 cultura do munic\u00edpio.<\/p>\n\n\n\n<p>A sess\u00e3o extraordin\u00e1ria acontece \u00e0s 19h30min na Casa Legislativa de Pirpirituba. Acompanhe tamb\u00e9m atrav\u00e9s do Instagram, Facebook e YouTube.<\/p>\n","protected":false},"excerpt":{"rendered":"<p>Hoje, 12 de agosto, a C\u00e2mara Municipal de Pirpirituba realizar\u00e1 uma sess\u00e3o extraordin\u00e1ria para a posse do suplente de vereador Pedro Barros, do Podemos. O cargo, anteriormente ocupado por Jal de Bidel, foi aberto ap\u00f3s o convite feito ao vereador para assumir a Secretaria de Esportes e Lazer do munic\u00edpio. Pedro Barros, que j\u00e1 atuava [&hellip;]<\/p>\n","protected":false},"author":3,"featured_media":288,"comment_status":"open","ping_status":"open","sticky":false,"template":"","format":"standard","meta":{"footnotes":""},"categories":[6],"tags":[],"class_list":["post-287","post","type-post","status-publish","format-standard","has-post-thumbnail","hentry","category-noticias"],"yoast_head":"<!-- This site is optimized with the Yoast SEO plugin v25.1 - https:\/\/yoast.com\/wordpress\/plugins\/seo\/ -->\n<title>Suplente de Vereador Pedro Barros Toma Posse Hoje em Sess\u00e3o Extraordin\u00e1ria na C\u00e2mara Municipal de Pirpirituba - C\u00e2mara Municipal de Pirpirituba - PB<\/title>\n<meta name=\"robots\" content=\"index, follow, max-snippet:-1, max-image-preview:large, max-video-preview:-1\" \/>\n<link rel=\"canonical\" href=\"https:\/\/pirpirituba.pb.leg.br\/noticias\/suplente-de-vereador-pedro-barros-toma-posse-hoje-em-sessao-extraordinaria-na-camara-municipal-de-pirpirituba\/\" \/>\n<meta property=\"og:locale\" content=\"pt_BR\" \/>\n<meta property=\"og:type\" content=\"article\" \/>\n<meta property=\"og:title\" content=\"Suplente de Vereador Pedro Barros Toma Posse Hoje em Sess\u00e3o Extraordin\u00e1ria na C\u00e2mara Municipal de Pirpirituba - C\u00e2mara Municipal de Pirpirituba - PB\" \/>\n<meta property=\"og:description\" content=\"Hoje, 12 de agosto, a C\u00e2mara Municipal de Pirpirituba realizar\u00e1 uma sess\u00e3o extraordin\u00e1ria para a posse do suplente de vereador Pedro Barros, do Podemos. O cargo, anteriormente ocupado por Jal de Bidel, foi aberto ap\u00f3s o convite feito ao vereador para assumir a Secretaria de Esportes e Lazer do munic\u00edpio. Pedro Barros, que j\u00e1 atuava [&hellip;]\" \/>\n<meta property=\"og:url\" content=\"https:\/\/pirpirituba.pb.leg.br\/noticias\/suplente-de-vereador-pedro-barros-toma-posse-hoje-em-sessao-extraordinaria-na-camara-municipal-de-pirpirituba\/\" \/>\n<meta property=\"og:site_name\" content=\"C\u00e2mara Municipal de Pirpirituba - PB\" \/>\n<meta property=\"article:published_time\" content=\"2025-08-12T17:22:37+00:00\" \/>\n<meta property=\"article:modified_time\" content=\"2025-08-12T17:22:38+00:00\" \/>\n<meta property=\"og:image\" content=\"https:\/\/pirpirituba.pb.leg.br\/wp-content\/uploads\/2025\/08\/WhatsApp-Image-2025-08-12-at-14.12.57-scaled.jpeg\" \/>\n\t<meta property=\"og:image:width\" content=\"1440\" \/>\n\t<meta property=\"og:image:height\" content=\"2560\" \/>\n\t<meta property=\"og:image:type\" content=\"image\/jpeg\" \/>\n<meta name=\"author\" content=\"David Maia\" \/>\n<meta name=\"twitter:card\" content=\"summary_large_image\" \/>\n<meta name=\"twitter:label1\" content=\"Escrito por\" \/>\n\t<meta name=\"twitter:data1\" content=\"David Maia\" \/>\n\t<meta name=\"twitter:label2\" content=\"Est. tempo de leitura\" \/>\n\t<meta name=\"twitter:data2\" content=\"2 minutos\" \/>\n<script type=\"application\/ld+json\" class=\"yoast-schema-graph\">{\"@context\":\"https:\/\/schema.org\",\"@graph\":[{\"@type\":\"Article\",\"@id\":\"https:\/\/pirpirituba.pb.leg.br\/noticias\/suplente-de-vereador-pedro-barros-toma-posse-hoje-em-sessao-extraordinaria-na-camara-municipal-de-pirpirituba\/#article\",\"isPartOf\":{\"@id\":\"https:\/\/pirpirituba.pb.leg.br\/noticias\/suplente-de-vereador-pedro-barros-toma-posse-hoje-em-sessao-extraordinaria-na-camara-municipal-de-pirpirituba\/\"},\"author\":{\"name\":\"David Maia\",\"@id\":\"https:\/\/pirpirituba.pb.leg.br\/#\/schema\/person\/8bc90b9fc557d92690c756e61a4331cc\"},\"headline\":\"Suplente de Vereador Pedro Barros Toma Posse Hoje em Sess\u00e3o Extraordin\u00e1ria na C\u00e2mara Municipal de Pirpirituba\",\"datePublished\":\"2025-08-12T17:22:37+00:00\",\"dateModified\":\"2025-08-12T17:22:38+00:00\",\"mainEntityOfPage\":{\"@id\":\"https:\/\/pirpirituba.pb.leg.br\/noticias\/suplente-de-vereador-pedro-barros-toma-posse-hoje-em-sessao-extraordinaria-na-camara-municipal-de-pirpirituba\/\"},\"wordCount\":202,\"commentCount\":0,\"publisher\":{\"@id\":\"https:\/\/pirpirituba.pb.leg.br\/#organization\"},\"image\":{\"@id\":\"https:\/\/pirpirituba.pb.leg.br\/noticias\/suplente-de-vereador-pedro-barros-toma-posse-hoje-em-sessao-extraordinaria-na-camara-municipal-de-pirpirituba\/#primaryimage\"},\"thumbnailUrl\":\"https:\/\/pirpirituba.pb.leg.br\/wp-content\/uploads\/2025\/08\/WhatsApp-Image-2025-08-12-at-14.12.57-scaled.jpeg\",\"articleSection\":[\"Not\u00edcias\"],\"inLanguage\":\"pt-BR\",\"potentialAction\":[{\"@type\":\"CommentAction\",\"name\":\"Comment\",\"target\":[\"https:\/\/pirpirituba.pb.leg.br\/noticias\/suplente-de-vereador-pedro-barros-toma-posse-hoje-em-sessao-extraordinaria-na-camara-municipal-de-pirpirituba\/#respond\"]}]},{\"@type\":\"WebPage\",\"@id\":\"https:\/\/pirpirituba.pb.leg.br\/noticias\/suplente-de-vereador-pedro-barros-toma-posse-hoje-em-sessao-extraordinaria-na-camara-municipal-de-pirpirituba\/\",\"url\":\"https:\/\/pirpirituba.pb.leg.br\/noticias\/suplente-de-vereador-pedro-barros-toma-posse-hoje-em-sessao-extraordinaria-na-camara-municipal-de-pirpirituba\/\",\"name\":\"Suplente de Vereador Pedro Barros Toma Posse Hoje em Sess\u00e3o Extraordin\u00e1ria na C\u00e2mara Municipal de Pirpirituba - C\u00e2mara Municipal de Pirpirituba - PB\",\"isPartOf\":{\"@id\":\"https:\/\/pirpirituba.pb.leg.br\/#website\"},\"primaryImageOfPage\":{\"@id\":\"https:\/\/pirpirituba.pb.leg.br\/noticias\/suplente-de-vereador-pedro-barros-toma-posse-hoje-em-sessao-extraordinaria-na-camara-municipal-de-pirpirituba\/#primaryimage\"},\"image\":{\"@id\":\"https:\/\/pirpirituba.pb.leg.br\/noticias\/suplente-de-vereador-pedro-barros-toma-posse-hoje-em-sessao-extraordinaria-na-camara-municipal-de-pirpirituba\/#primaryimage\"},\"thumbnailUrl\":\"https:\/\/pirpirituba.pb.leg.br\/wp-content\/uploads\/2025\/08\/WhatsApp-Image-2025-08-12-at-14.12.57-scaled.jpeg\",\"datePublished\":\"2025-08-12T17:22:37+00:00\",\"dateModified\":\"2025-08-12T17:22:38+00:00\",\"breadcrumb\":{\"@id\":\"https:\/\/pirpirituba.pb.leg.br\/noticias\/suplente-de-vereador-pedro-barros-toma-posse-hoje-em-sessao-extraordinaria-na-camara-municipal-de-pirpirituba\/#breadcrumb\"},\"inLanguage\":\"pt-BR\",\"potentialAction\":[{\"@type\":\"ReadAction\",\"target\":[\"https:\/\/pirpirituba.pb.leg.br\/noticias\/suplente-de-vereador-pedro-barros-toma-posse-hoje-em-sessao-extraordinaria-na-camara-municipal-de-pirpirituba\/\"]}]},{\"@type\":\"ImageObject\",\"inLanguage\":\"pt-BR\",\"@id\":\"https:\/\/pirpirituba.pb.leg.br\/noticias\/suplente-de-vereador-pedro-barros-toma-posse-hoje-em-sessao-extraordinaria-na-camara-municipal-de-pirpirituba\/#primaryimage\",\"url\":\"https:\/\/pirpirituba.pb.leg.br\/wp-content\/uploads\/2025\/08\/WhatsApp-Image-2025-08-12-at-14.12.57-scaled.jpeg\",\"contentUrl\":\"https:\/\/pirpirituba.pb.leg.br\/wp-content\/uploads\/2025\/08\/WhatsApp-Image-2025-08-12-at-14.12.57-scaled.jpeg\",\"width\":1440,\"height\":2560},{\"@type\":\"BreadcrumbList\",\"@id\":\"https:\/\/pirpirituba.pb.leg.br\/noticias\/suplente-de-vereador-pedro-barros-toma-posse-hoje-em-sessao-extraordinaria-na-camara-municipal-de-pirpirituba\/#breadcrumb\",\"itemListElement\":[{\"@type\":\"ListItem\",\"position\":1,\"name\":\"In\u00edcio\",\"item\":\"https:\/\/pirpirituba.pb.leg.br\/\"},{\"@type\":\"ListItem\",\"position\":2,\"name\":\"Suplente de Vereador Pedro Barros Toma Posse Hoje em Sess\u00e3o Extraordin\u00e1ria na C\u00e2mara Municipal de Pirpirituba\"}]},{\"@type\":\"WebSite\",\"@id\":\"https:\/\/pirpirituba.pb.leg.br\/#website\",\"url\":\"https:\/\/pirpirituba.pb.leg.br\/\",\"name\":\"C\u00e2mara Municipal de Pirpirituba - PB\",\"description\":\"\",\"publisher\":{\"@id\":\"https:\/\/pirpirituba.pb.leg.br\/#organization\"},\"potentialAction\":[{\"@type\":\"SearchAction\",\"target\":{\"@type\":\"EntryPoint\",\"urlTemplate\":\"https:\/\/pirpirituba.pb.leg.br\/?s={search_term_string}\"},\"query-input\":{\"@type\":\"PropertyValueSpecification\",\"valueRequired\":true,\"valueName\":\"search_term_string\"}}],\"inLanguage\":\"pt-BR\"},{\"@type\":\"Organization\",\"@id\":\"https:\/\/pirpirituba.pb.leg.br\/#organization\",\"name\":\"C\u00e2mara Municipal de Pirpirituba - PB\",\"url\":\"https:\/\/pirpirituba.pb.leg.br\/\",\"logo\":{\"@type\":\"ImageObject\",\"inLanguage\":\"pt-BR\",\"@id\":\"https:\/\/pirpirituba.pb.leg.br\/#\/schema\/logo\/image\/\",\"url\":\"https:\/\/pirpirituba.pb.leg.br\/wp-content\/uploads\/2025\/01\/image1.png\",\"contentUrl\":\"https:\/\/pirpirituba.pb.leg.br\/wp-content\/uploads\/2025\/01\/image1.png\",\"width\":300,\"height\":78,\"caption\":\"C\u00e2mara Municipal de Pirpirituba - PB\"},\"image\":{\"@id\":\"https:\/\/pirpirituba.pb.leg.br\/#\/schema\/logo\/image\/\"}},{\"@type\":\"Person\",\"@id\":\"https:\/\/pirpirituba.pb.leg.br\/#\/schema\/person\/8bc90b9fc557d92690c756e61a4331cc\",\"name\":\"David Maia\",\"image\":{\"@type\":\"ImageObject\",\"inLanguage\":\"pt-BR\",\"@id\":\"https:\/\/pirpirituba.pb.leg.br\/#\/schema\/person\/image\/\",\"url\":\"https:\/\/secure.gravatar.com\/avatar\/5c858f5c6e666e3a3908d316a7bc3634?s=96&d=mm&r=g\",\"contentUrl\":\"https:\/\/secure.gravatar.com\/avatar\/5c858f5c6e666e3a3908d316a7bc3634?s=96&d=mm&r=g\",\"caption\":\"David Maia\"},\"url\":\"https:\/\/pirpirituba.pb.leg.br\/author\/david\/\"}]}<\/script>\n<!-- \/ Yoast SEO plugin. -->","yoast_head_json":{"title":"Suplente de Vereador Pedro Barros Toma Posse Hoje em Sess\u00e3o Extraordin\u00e1ria na C\u00e2mara Municipal de Pirpirituba - C\u00e2mara Municipal de Pirpirituba - PB","robots":{"index":"index","follow":"follow","max-snippet":"max-snippet:-1","max-image-preview":"max-image-preview:large","max-video-preview":"max-video-preview:-1"},"canonical":"https:\/\/pirpirituba.pb.leg.br\/noticias\/suplente-de-vereador-pedro-barros-toma-posse-hoje-em-sessao-extraordinaria-na-camara-municipal-de-pirpirituba\/","og_locale":"pt_BR","og_type":"article","og_title":"Suplente de Vereador Pedro Barros Toma Posse Hoje em Sess\u00e3o Extraordin\u00e1ria na C\u00e2mara Municipal de Pirpirituba - C\u00e2mara Municipal de Pirpirituba - PB","og_description":"Hoje, 12 de agosto, a C\u00e2mara Municipal de Pirpirituba realizar\u00e1 uma sess\u00e3o extraordin\u00e1ria para a posse do suplente de vereador Pedro Barros, do Podemos. O cargo, anteriormente ocupado por Jal de Bidel, foi aberto ap\u00f3s o convite feito ao vereador para assumir a Secretaria de Esportes e Lazer do munic\u00edpio. Pedro Barros, que j\u00e1 atuava [&hellip;]","og_url":"https:\/\/pirpirituba.pb.leg.br\/noticias\/suplente-de-vereador-pedro-barros-toma-posse-hoje-em-sessao-extraordinaria-na-camara-municipal-de-pirpirituba\/","og_site_name":"C\u00e2mara Municipal de Pirpirituba - PB","article_published_time":"2025-08-12T17:22:37+00:00","article_modified_time":"2025-08-12T17:22:38+00:00","og_image":[{"width":1440,"height":2560,"url":"https:\/\/pirpirituba.pb.leg.br\/wp-content\/uploads\/2025\/08\/WhatsApp-Image-2025-08-12-at-14.12.57-scaled.jpeg","type":"image\/jpeg"}],"author":"David Maia","twitter_card":"summary_large_image","twitter_misc":{"Escrito por":"David Maia","Est. tempo de leitura":"2 minutos"},"schema":{"@context":"https:\/\/schema.org","@graph":[{"@type":"Article","@id":"https:\/\/pirpirituba.pb.leg.br\/noticias\/suplente-de-vereador-pedro-barros-toma-posse-hoje-em-sessao-extraordinaria-na-camara-municipal-de-pirpirituba\/#article","isPartOf":{"@id":"https:\/\/pirpirituba.pb.leg.br\/noticias\/suplente-de-vereador-pedro-barros-toma-posse-hoje-em-sessao-extraordinaria-na-camara-municipal-de-pirpirituba\/"},"author":{"name":"David Maia","@id":"https:\/\/pirpirituba.pb.leg.br\/#\/schema\/person\/8bc90b9fc557d92690c756e61a4331cc"},"headline":"Suplente de Vereador Pedro Barros Toma Posse Hoje em Sess\u00e3o Extraordin\u00e1ria na C\u00e2mara Municipal de Pirpirituba","datePublished":"2025-08-12T17:22:37+00:00","dateModified":"2025-08-12T17:22:38+00:00","mainEntityOfPage":{"@id":"https:\/\/pirpirituba.pb.leg.br\/noticias\/suplente-de-vereador-pedro-barros-toma-posse-hoje-em-sessao-extraordinaria-na-camara-municipal-de-pirpirituba\/"},"wordCount":202,"commentCount":0,"publisher":{"@id":"https:\/\/pirpirituba.pb.leg.br\/#organization"},"image":{"@id":"https:\/\/pirpirituba.pb.leg.br\/noticias\/suplente-de-vereador-pedro-barros-toma-posse-hoje-em-sessao-extraordinaria-na-camara-municipal-de-pirpirituba\/#primaryimage"},"thumbnailUrl":"https:\/\/pirpirituba.pb.leg.br\/wp-content\/uploads\/2025\/08\/WhatsApp-Image-2025-08-12-at-14.12.57-scaled.jpeg","articleSection":["Not\u00edcias"],"inLanguage":"pt-BR","potentialAction":[{"@type":"CommentAction","name":"Comment","target":["https:\/\/pirpirituba.pb.leg.br\/noticias\/suplente-de-vereador-pedro-barros-toma-posse-hoje-em-sessao-extraordinaria-na-camara-municipal-de-pirpirituba\/#respond"]}]},{"@type":"WebPage","@id":"https:\/\/pirpirituba.pb.leg.br\/noticias\/suplente-de-vereador-pedro-barros-toma-posse-hoje-em-sessao-extraordinaria-na-camara-municipal-de-pirpirituba\/","url":"https:\/\/pirpirituba.pb.leg.br\/noticias\/suplente-de-vereador-pedro-barros-toma-posse-hoje-em-sessao-extraordinaria-na-camara-municipal-de-pirpirituba\/","name":"Suplente de Vereador Pedro Barros Toma Posse Hoje em Sess\u00e3o Extraordin\u00e1ria na C\u00e2mara Municipal de Pirpirituba - C\u00e2mara Municipal de Pirpirituba - PB","isPartOf":{"@id":"https:\/\/pirpirituba.pb.leg.br\/#website"},"primaryImageOfPage":{"@id":"https:\/\/pirpirituba.pb.leg.br\/noticias\/suplente-de-vereador-pedro-barros-toma-posse-hoje-em-sessao-extraordinaria-na-camara-municipal-de-pirpirituba\/#primaryimage"},"image":{"@id":"https:\/\/pirpirituba.pb.leg.br\/noticias\/suplente-de-vereador-pedro-barros-toma-posse-hoje-em-sessao-extraordinaria-na-camara-municipal-de-pirpirituba\/#primaryimage"},"thumbnailUrl":"https:\/\/pirpirituba.pb.leg.br\/wp-content\/uploads\/2025\/08\/WhatsApp-Image-2025-08-12-at-14.12.57-scaled.jpeg","datePublished":"2025-08-12T17:22:37+00:00","dateModified":"2025-08-12T17:22:38+00:00","breadcrumb":{"@id":"https:\/\/pirpirituba.pb.leg.br\/noticias\/suplente-de-vereador-pedro-barros-toma-posse-hoje-em-sessao-extraordinaria-na-camara-municipal-de-pirpirituba\/#breadcrumb"},"inLanguage":"pt-BR","potentialAction":[{"@type":"ReadAction","target":["https:\/\/pirpirituba.pb.leg.br\/noticias\/suplente-de-vereador-pedro-barros-toma-posse-hoje-em-sessao-extraordinaria-na-camara-municipal-de-pirpirituba\/"]}]},{"@type":"ImageObject","inLanguage":"pt-BR","@id":"https:\/\/pirpirituba.pb.leg.br\/noticias\/suplente-de-vereador-pedro-barros-toma-posse-hoje-em-sessao-extraordinaria-na-camara-municipal-de-pirpirituba\/#primaryimage","url":"https:\/\/pirpirituba.pb.leg.br\/wp-content\/uploads\/2025\/08\/WhatsApp-Image-2025-08-12-at-14.12.57-scaled.jpeg","contentUrl":"https:\/\/pirpirituba.pb.leg.br\/wp-content\/uploads\/2025\/08\/WhatsApp-Image-2025-08-12-at-14.12.57-scaled.jpeg","width":1440,"height":2560},{"@type":"BreadcrumbList","@id":"https:\/\/pirpirituba.pb.leg.br\/noticias\/suplente-de-vereador-pedro-barros-toma-posse-hoje-em-sessao-extraordinaria-na-camara-municipal-de-pirpirituba\/#breadcrumb","itemListElement":[{"@type":"ListItem","position":1,"name":"In\u00edcio","item":"https:\/\/pirpirituba.pb.leg.br\/"},{"@type":"ListItem","position":2,"name":"Suplente de Vereador Pedro Barros Toma Posse Hoje em Sess\u00e3o Extraordin\u00e1ria na C\u00e2mara Municipal de Pirpirituba"}]},{"@type":"WebSite","@id":"https:\/\/pirpirituba.pb.leg.br\/#website","url":"https:\/\/pirpirituba.pb.leg.br\/","name":"C\u00e2mara Municipal de Pirpirituba - PB","description":"","publisher":{"@id":"https:\/\/pirpirituba.pb.leg.br\/#organization"},"potentialAction":[{"@type":"SearchAction","target":{"@type":"EntryPoint","urlTemplate":"https:\/\/pirpirituba.pb.leg.br\/?s={search_term_string}"},"query-input":{"@type":"PropertyValueSpecification","valueRequired":true,"valueName":"search_term_string"}}],"inLanguage":"pt-BR"},{"@type":"Organization","@id":"https:\/\/pirpirituba.pb.leg.br\/#organization","name":"C\u00e2mara Municipal de Pirpirituba - PB","url":"https:\/\/pirpirituba.pb.leg.br\/","logo":{"@type":"ImageObject","inLanguage":"pt-BR","@id":"https:\/\/pirpirituba.pb.leg.br\/#\/schema\/logo\/image\/","url":"https:\/\/pirpirituba.pb.leg.br\/wp-content\/uploads\/2025\/01\/image1.png","contentUrl":"https:\/\/pirpirituba.pb.leg.br\/wp-content\/uploads\/2025\/01\/image1.png","width":300,"height":78,"caption":"C\u00e2mara Municipal de Pirpirituba - PB"},"image":{"@id":"https:\/\/pirpirituba.pb.leg.br\/#\/schema\/logo\/image\/"}},{"@type":"Person","@id":"https:\/\/pirpirituba.pb.leg.br\/#\/schema\/person\/8bc90b9fc557d92690c756e61a4331cc","name":"David Maia","image":{"@type":"ImageObject","inLanguage":"pt-BR","@id":"https:\/\/pirpirituba.pb.leg.br\/#\/schema\/person\/image\/","url":"https:\/\/secure.gravatar.com\/avatar\/5c858f5c6e666e3a3908d316a7bc3634?s=96&d=mm&r=g","contentUrl":"https:\/\/secure.gravatar.com\/avatar\/5c858f5c6e666e3a3908d316a7bc3634?s=96&d=mm&r=g","caption":"David Maia"},"url":"https:\/\/pirpirituba.pb.leg.br\/author\/david\/"}]}},"_links":{"self":[{"href":"https:\/\/pirpirituba.pb.leg.br\/wp-json\/wp\/v2\/posts\/287","targetHints":{"allow":["GET"]}}],"collection":[{"href":"https:\/\/pirpirituba.pb.leg.br\/wp-json\/wp\/v2\/posts"}],"about":[{"href":"https:\/\/pirpirituba.pb.leg.br\/wp-json\/wp\/v2\/types\/post"}],"author":[{"embeddable":true,"href":"https:\/\/pirpirituba.pb.leg.br\/wp-json\/wp\/v2\/users\/3"}],"replies":[{"embeddable":true,"href":"https:\/\/pirpirituba.pb.leg.br\/wp-json\/wp\/v2\/comments?post=287"}],"version-history":[{"count":1,"href":"https:\/\/pirpirituba.pb.leg.br\/wp-json\/wp\/v2\/posts\/287\/revisions"}],"predecessor-version":[{"id":289,"href":"https:\/\/pirpirituba.pb.leg.br\/wp-json\/wp\/v2\/posts\/287\/revisions\/289"}],"wp:featuredmedia":[{"embeddable":true,"href":"https:\/\/pirpirituba.pb.leg.br\/wp-json\/wp\/v2\/media\/288"}],"wp:attachment":[{"href":"https:\/\/pirpirituba.pb.leg.br\/wp-json\/wp\/v2\/media?parent=287"}],"wp:term":[{"taxonomy":"category","embeddable":true,"href":"https:\/\/pirpirituba.pb.leg.br\/wp-json\/wp\/v2\/categories?post=287"},{"taxonomy":"post_tag","embeddable":true,"href":"https:\/\/pirpirituba.pb.leg.br\/wp-json\/wp\/v2\/tags?post=287"}],"curies":[{"name":"wp","href":"https:\/\/api.w.org\/{rel}","templated":true}]}}