{"id":283,"date":"2025-07-17T19:21:14","date_gmt":"2025-07-17T22:21:14","guid":{"rendered":"https:\/\/pirpirituba.pb.leg.br\/?p=283"},"modified":"2025-07-17T19:21:15","modified_gmt":"2025-07-17T22:21:15","slug":"vereadores-de-pirpirituba-participam-do-orcamento-cidadao-2025","status":"publish","type":"post","link":"https:\/\/pirpirituba.pb.leg.br\/noticias\/vereadores-de-pirpirituba-participam-do-orcamento-cidadao-2025\/","title":{"rendered":"Vereadores de Pirpirituba Participam do Or\u00e7amento Cidad\u00e3o 2025"},"content":{"rendered":"\n<p>Hoje, 17 de julho de 2025, aconteceu o Or\u00e7amento Cidad\u00e3o 2025, um evento que reuniu moradores de diversas partes do munic\u00edpio na Escola Nossa Senhora Aparecida, no bairro da Caixa D&#8217;\u00c1gua. O objetivo principal do encontro foi ouvir as demandas da popula\u00e7\u00e3o para planejar a\u00e7\u00f5es e melhorias que atendam \u00e0s necessidades da comunidade.<\/p>\n\n\n\n<p>Durante o evento, os vereadores, juntamente com o prefeito Danilo Rocha, estiveram presentes para escutar as reivindica\u00e7\u00f5es da popula\u00e7\u00e3o, fortalecendo o compromisso com a participa\u00e7\u00e3o cidad\u00e3 na gest\u00e3o p\u00fablica. O Or\u00e7amento Cidad\u00e3o \u00e9 uma oportunidade para que a comunidade tenha voz ativa na escolha das prioridades para o pr\u00f3ximo ano.<\/p>\n\n\n\n<p>O presidente da C\u00e2mara Municipal, Givanilson Lira (Batatinha), destacou a import\u00e2ncia de a\u00e7\u00f5es como essa para garantir que as decis\u00f5es do munic\u00edpio sejam baseadas nas reais necessidades da popula\u00e7\u00e3o. &#8220;Este evento \u00e9 uma verdadeira demonstra\u00e7\u00e3o de democracia e transpar\u00eancia. A nossa responsabilidade \u00e9 ouvir a popula\u00e7\u00e3o e trabalhar para garantir que os recursos p\u00fablicos sejam usados de forma a melhorar a vida de todos. Parabenizo tamb\u00e9m nosso Prefeito Danilo Rocha pela iniciativa.&#8221;, afirmou Batatinha.<\/p>\n\n\n\n<p>O evento foi marcado por um ambiente de di\u00e1logo e colabora\u00e7\u00e3o, com diversas sugest\u00f5es e reivindica\u00e7\u00f5es apresentadas pelos moradores, como melhorias na infraestrutura, sa\u00fade e educa\u00e7\u00e3o.<\/p>\n\n\n\n<p>A C\u00e2mara Municipal de Pirpirituba reafirma seu compromisso com a participa\u00e7\u00e3o cidad\u00e3 e continuar\u00e1 a trabalhar para que as a\u00e7\u00f5es do governo municipal atendam de forma eficaz \u00e0s demandas da popula\u00e7\u00e3o.<\/p>\n","protected":false},"excerpt":{"rendered":"<p>Hoje, 17 de julho de 2025, aconteceu o Or\u00e7amento Cidad\u00e3o 2025, um evento que reuniu moradores de diversas partes do munic\u00edpio na Escola Nossa Senhora Aparecida, no bairro da Caixa D&#8217;\u00c1gua. O objetivo principal do encontro foi ouvir as demandas da popula\u00e7\u00e3o para planejar a\u00e7\u00f5es e melhorias que atendam \u00e0s necessidades da comunidade. Durante o [&hellip;]<\/p>\n","protected":false},"author":3,"featured_media":284,"comment_status":"open","ping_status":"open","sticky":false,"template":"","format":"standard","meta":{"footnotes":""},"categories":[6],"tags":[],"class_list":["post-283","post","type-post","status-publish","format-standard","has-post-thumbnail","hentry","category-noticias"],"yoast_head":"<!-- This site is optimized with the Yoast SEO plugin v25.1 - https:\/\/yoast.com\/wordpress\/plugins\/seo\/ -->\n<title>Vereadores de Pirpirituba Participam do Or\u00e7amento Cidad\u00e3o 2025 - C\u00e2mara Municipal de Pirpirituba - PB<\/title>\n<meta name=\"robots\" content=\"index, follow, max-snippet:-1, max-image-preview:large, max-video-preview:-1\" \/>\n<link rel=\"canonical\" href=\"https:\/\/pirpirituba.pb.leg.br\/noticias\/vereadores-de-pirpirituba-participam-do-orcamento-cidadao-2025\/\" \/>\n<meta property=\"og:locale\" content=\"pt_BR\" \/>\n<meta property=\"og:type\" content=\"article\" \/>\n<meta property=\"og:title\" content=\"Vereadores de Pirpirituba Participam do Or\u00e7amento Cidad\u00e3o 2025 - C\u00e2mara Municipal de Pirpirituba - PB\" \/>\n<meta property=\"og:description\" content=\"Hoje, 17 de julho de 2025, aconteceu o Or\u00e7amento Cidad\u00e3o 2025, um evento que reuniu moradores de diversas partes do munic\u00edpio na Escola Nossa Senhora Aparecida, no bairro da Caixa D&#8217;\u00c1gua. O objetivo principal do encontro foi ouvir as demandas da popula\u00e7\u00e3o para planejar a\u00e7\u00f5es e melhorias que atendam \u00e0s necessidades da comunidade. Durante o [&hellip;]\" \/>\n<meta property=\"og:url\" content=\"https:\/\/pirpirituba.pb.leg.br\/noticias\/vereadores-de-pirpirituba-participam-do-orcamento-cidadao-2025\/\" \/>\n<meta property=\"og:site_name\" content=\"C\u00e2mara Municipal de Pirpirituba - PB\" \/>\n<meta property=\"article:published_time\" content=\"2025-07-17T22:21:14+00:00\" \/>\n<meta property=\"article:modified_time\" content=\"2025-07-17T22:21:15+00:00\" \/>\n<meta property=\"og:image\" content=\"https:\/\/pirpirituba.pb.leg.br\/wp-content\/uploads\/2025\/07\/WhatsApp-Image-2025-07-17-at-15.57.31-scaled.jpeg\" \/>\n\t<meta property=\"og:image:width\" content=\"2560\" \/>\n\t<meta property=\"og:image:height\" content=\"1707\" \/>\n\t<meta property=\"og:image:type\" content=\"image\/jpeg\" \/>\n<meta name=\"author\" content=\"David Maia\" \/>\n<meta name=\"twitter:card\" content=\"summary_large_image\" \/>\n<meta name=\"twitter:label1\" content=\"Escrito por\" \/>\n\t<meta name=\"twitter:data1\" content=\"David Maia\" \/>\n\t<meta name=\"twitter:label2\" content=\"Est. tempo de leitura\" \/>\n\t<meta name=\"twitter:data2\" content=\"2 minutos\" \/>\n<script type=\"application\/ld+json\" class=\"yoast-schema-graph\">{\"@context\":\"https:\/\/schema.org\",\"@graph\":[{\"@type\":\"Article\",\"@id\":\"https:\/\/pirpirituba.pb.leg.br\/noticias\/vereadores-de-pirpirituba-participam-do-orcamento-cidadao-2025\/#article\",\"isPartOf\":{\"@id\":\"https:\/\/pirpirituba.pb.leg.br\/noticias\/vereadores-de-pirpirituba-participam-do-orcamento-cidadao-2025\/\"},\"author\":{\"name\":\"David Maia\",\"@id\":\"https:\/\/pirpirituba.pb.leg.br\/#\/schema\/person\/8bc90b9fc557d92690c756e61a4331cc\"},\"headline\":\"Vereadores de Pirpirituba Participam do Or\u00e7amento Cidad\u00e3o 2025\",\"datePublished\":\"2025-07-17T22:21:14+00:00\",\"dateModified\":\"2025-07-17T22:21:15+00:00\",\"mainEntityOfPage\":{\"@id\":\"https:\/\/pirpirituba.pb.leg.br\/noticias\/vereadores-de-pirpirituba-participam-do-orcamento-cidadao-2025\/\"},\"wordCount\":272,\"commentCount\":0,\"publisher\":{\"@id\":\"https:\/\/pirpirituba.pb.leg.br\/#organization\"},\"image\":{\"@id\":\"https:\/\/pirpirituba.pb.leg.br\/noticias\/vereadores-de-pirpirituba-participam-do-orcamento-cidadao-2025\/#primaryimage\"},\"thumbnailUrl\":\"https:\/\/pirpirituba.pb.leg.br\/wp-content\/uploads\/2025\/07\/WhatsApp-Image-2025-07-17-at-15.57.31-scaled.jpeg\",\"articleSection\":[\"Not\u00edcias\"],\"inLanguage\":\"pt-BR\",\"potentialAction\":[{\"@type\":\"CommentAction\",\"name\":\"Comment\",\"target\":[\"https:\/\/pirpirituba.pb.leg.br\/noticias\/vereadores-de-pirpirituba-participam-do-orcamento-cidadao-2025\/#respond\"]}]},{\"@type\":\"WebPage\",\"@id\":\"https:\/\/pirpirituba.pb.leg.br\/noticias\/vereadores-de-pirpirituba-participam-do-orcamento-cidadao-2025\/\",\"url\":\"https:\/\/pirpirituba.pb.leg.br\/noticias\/vereadores-de-pirpirituba-participam-do-orcamento-cidadao-2025\/\",\"name\":\"Vereadores de Pirpirituba Participam do Or\u00e7amento Cidad\u00e3o 2025 - C\u00e2mara Municipal de Pirpirituba - PB\",\"isPartOf\":{\"@id\":\"https:\/\/pirpirituba.pb.leg.br\/#website\"},\"primaryImageOfPage\":{\"@id\":\"https:\/\/pirpirituba.pb.leg.br\/noticias\/vereadores-de-pirpirituba-participam-do-orcamento-cidadao-2025\/#primaryimage\"},\"image\":{\"@id\":\"https:\/\/pirpirituba.pb.leg.br\/noticias\/vereadores-de-pirpirituba-participam-do-orcamento-cidadao-2025\/#primaryimage\"},\"thumbnailUrl\":\"https:\/\/pirpirituba.pb.leg.br\/wp-content\/uploads\/2025\/07\/WhatsApp-Image-2025-07-17-at-15.57.31-scaled.jpeg\",\"datePublished\":\"2025-07-17T22:21:14+00:00\",\"dateModified\":\"2025-07-17T22:21:15+00:00\",\"breadcrumb\":{\"@id\":\"https:\/\/pirpirituba.pb.leg.br\/noticias\/vereadores-de-pirpirituba-participam-do-orcamento-cidadao-2025\/#breadcrumb\"},\"inLanguage\":\"pt-BR\",\"potentialAction\":[{\"@type\":\"ReadAction\",\"target\":[\"https:\/\/pirpirituba.pb.leg.br\/noticias\/vereadores-de-pirpirituba-participam-do-orcamento-cidadao-2025\/\"]}]},{\"@type\":\"ImageObject\",\"inLanguage\":\"pt-BR\",\"@id\":\"https:\/\/pirpirituba.pb.leg.br\/noticias\/vereadores-de-pirpirituba-participam-do-orcamento-cidadao-2025\/#primaryimage\",\"url\":\"https:\/\/pirpirituba.pb.leg.br\/wp-content\/uploads\/2025\/07\/WhatsApp-Image-2025-07-17-at-15.57.31-scaled.jpeg\",\"contentUrl\":\"https:\/\/pirpirituba.pb.leg.br\/wp-content\/uploads\/2025\/07\/WhatsApp-Image-2025-07-17-at-15.57.31-scaled.jpeg\",\"width\":2560,\"height\":1707},{\"@type\":\"BreadcrumbList\",\"@id\":\"https:\/\/pirpirituba.pb.leg.br\/noticias\/vereadores-de-pirpirituba-participam-do-orcamento-cidadao-2025\/#breadcrumb\",\"itemListElement\":[{\"@type\":\"ListItem\",\"position\":1,\"name\":\"In\u00edcio\",\"item\":\"https:\/\/pirpirituba.pb.leg.br\/\"},{\"@type\":\"ListItem\",\"position\":2,\"name\":\"Vereadores de Pirpirituba Participam do Or\u00e7amento Cidad\u00e3o 2025\"}]},{\"@type\":\"WebSite\",\"@id\":\"https:\/\/pirpirituba.pb.leg.br\/#website\",\"url\":\"https:\/\/pirpirituba.pb.leg.br\/\",\"name\":\"C\u00e2mara Municipal de Pirpirituba - PB\",\"description\":\"\",\"publisher\":{\"@id\":\"https:\/\/pirpirituba.pb.leg.br\/#organization\"},\"potentialAction\":[{\"@type\":\"SearchAction\",\"target\":{\"@type\":\"EntryPoint\",\"urlTemplate\":\"https:\/\/pirpirituba.pb.leg.br\/?s={search_term_string}\"},\"query-input\":{\"@type\":\"PropertyValueSpecification\",\"valueRequired\":true,\"valueName\":\"search_term_string\"}}],\"inLanguage\":\"pt-BR\"},{\"@type\":\"Organization\",\"@id\":\"https:\/\/pirpirituba.pb.leg.br\/#organization\",\"name\":\"C\u00e2mara Municipal de Pirpirituba - PB\",\"url\":\"https:\/\/pirpirituba.pb.leg.br\/\",\"logo\":{\"@type\":\"ImageObject\",\"inLanguage\":\"pt-BR\",\"@id\":\"https:\/\/pirpirituba.pb.leg.br\/#\/schema\/logo\/image\/\",\"url\":\"https:\/\/pirpirituba.pb.leg.br\/wp-content\/uploads\/2025\/01\/image1.png\",\"contentUrl\":\"https:\/\/pirpirituba.pb.leg.br\/wp-content\/uploads\/2025\/01\/image1.png\",\"width\":300,\"height\":78,\"caption\":\"C\u00e2mara Municipal de Pirpirituba - PB\"},\"image\":{\"@id\":\"https:\/\/pirpirituba.pb.leg.br\/#\/schema\/logo\/image\/\"}},{\"@type\":\"Person\",\"@id\":\"https:\/\/pirpirituba.pb.leg.br\/#\/schema\/person\/8bc90b9fc557d92690c756e61a4331cc\",\"name\":\"David Maia\",\"image\":{\"@type\":\"ImageObject\",\"inLanguage\":\"pt-BR\",\"@id\":\"https:\/\/pirpirituba.pb.leg.br\/#\/schema\/person\/image\/\",\"url\":\"https:\/\/secure.gravatar.com\/avatar\/5c858f5c6e666e3a3908d316a7bc3634?s=96&d=mm&r=g\",\"contentUrl\":\"https:\/\/secure.gravatar.com\/avatar\/5c858f5c6e666e3a3908d316a7bc3634?s=96&d=mm&r=g\",\"caption\":\"David Maia\"},\"url\":\"https:\/\/pirpirituba.pb.leg.br\/author\/david\/\"}]}<\/script>\n<!-- \/ Yoast SEO plugin. -->","yoast_head_json":{"title":"Vereadores de Pirpirituba Participam do Or\u00e7amento Cidad\u00e3o 2025 - C\u00e2mara Municipal de Pirpirituba - PB","robots":{"index":"index","follow":"follow","max-snippet":"max-snippet:-1","max-image-preview":"max-image-preview:large","max-video-preview":"max-video-preview:-1"},"canonical":"https:\/\/pirpirituba.pb.leg.br\/noticias\/vereadores-de-pirpirituba-participam-do-orcamento-cidadao-2025\/","og_locale":"pt_BR","og_type":"article","og_title":"Vereadores de Pirpirituba Participam do Or\u00e7amento Cidad\u00e3o 2025 - C\u00e2mara Municipal de Pirpirituba - PB","og_description":"Hoje, 17 de julho de 2025, aconteceu o Or\u00e7amento Cidad\u00e3o 2025, um evento que reuniu moradores de diversas partes do munic\u00edpio na Escola Nossa Senhora Aparecida, no bairro da Caixa D&#8217;\u00c1gua. O objetivo principal do encontro foi ouvir as demandas da popula\u00e7\u00e3o para planejar a\u00e7\u00f5es e melhorias que atendam \u00e0s necessidades da comunidade. Durante o [&hellip;]","og_url":"https:\/\/pirpirituba.pb.leg.br\/noticias\/vereadores-de-pirpirituba-participam-do-orcamento-cidadao-2025\/","og_site_name":"C\u00e2mara Municipal de Pirpirituba - PB","article_published_time":"2025-07-17T22:21:14+00:00","article_modified_time":"2025-07-17T22:21:15+00:00","og_image":[{"width":2560,"height":1707,"url":"https:\/\/pirpirituba.pb.leg.br\/wp-content\/uploads\/2025\/07\/WhatsApp-Image-2025-07-17-at-15.57.31-scaled.jpeg","type":"image\/jpeg"}],"author":"David Maia","twitter_card":"summary_large_image","twitter_misc":{"Escrito por":"David Maia","Est. tempo de leitura":"2 minutos"},"schema":{"@context":"https:\/\/schema.org","@graph":[{"@type":"Article","@id":"https:\/\/pirpirituba.pb.leg.br\/noticias\/vereadores-de-pirpirituba-participam-do-orcamento-cidadao-2025\/#article","isPartOf":{"@id":"https:\/\/pirpirituba.pb.leg.br\/noticias\/vereadores-de-pirpirituba-participam-do-orcamento-cidadao-2025\/"},"author":{"name":"David Maia","@id":"https:\/\/pirpirituba.pb.leg.br\/#\/schema\/person\/8bc90b9fc557d92690c756e61a4331cc"},"headline":"Vereadores de Pirpirituba Participam do Or\u00e7amento Cidad\u00e3o 2025","datePublished":"2025-07-17T22:21:14+00:00","dateModified":"2025-07-17T22:21:15+00:00","mainEntityOfPage":{"@id":"https:\/\/pirpirituba.pb.leg.br\/noticias\/vereadores-de-pirpirituba-participam-do-orcamento-cidadao-2025\/"},"wordCount":272,"commentCount":0,"publisher":{"@id":"https:\/\/pirpirituba.pb.leg.br\/#organization"},"image":{"@id":"https:\/\/pirpirituba.pb.leg.br\/noticias\/vereadores-de-pirpirituba-participam-do-orcamento-cidadao-2025\/#primaryimage"},"thumbnailUrl":"https:\/\/pirpirituba.pb.leg.br\/wp-content\/uploads\/2025\/07\/WhatsApp-Image-2025-07-17-at-15.57.31-scaled.jpeg","articleSection":["Not\u00edcias"],"inLanguage":"pt-BR","potentialAction":[{"@type":"CommentAction","name":"Comment","target":["https:\/\/pirpirituba.pb.leg.br\/noticias\/vereadores-de-pirpirituba-participam-do-orcamento-cidadao-2025\/#respond"]}]},{"@type":"WebPage","@id":"https:\/\/pirpirituba.pb.leg.br\/noticias\/vereadores-de-pirpirituba-participam-do-orcamento-cidadao-2025\/","url":"https:\/\/pirpirituba.pb.leg.br\/noticias\/vereadores-de-pirpirituba-participam-do-orcamento-cidadao-2025\/","name":"Vereadores de Pirpirituba Participam do Or\u00e7amento Cidad\u00e3o 2025 - C\u00e2mara Municipal de Pirpirituba - PB","isPartOf":{"@id":"https:\/\/pirpirituba.pb.leg.br\/#website"},"primaryImageOfPage":{"@id":"https:\/\/pirpirituba.pb.leg.br\/noticias\/vereadores-de-pirpirituba-participam-do-orcamento-cidadao-2025\/#primaryimage"},"image":{"@id":"https:\/\/pirpirituba.pb.leg.br\/noticias\/vereadores-de-pirpirituba-participam-do-orcamento-cidadao-2025\/#primaryimage"},"thumbnailUrl":"https:\/\/pirpirituba.pb.leg.br\/wp-content\/uploads\/2025\/07\/WhatsApp-Image-2025-07-17-at-15.57.31-scaled.jpeg","datePublished":"2025-07-17T22:21:14+00:00","dateModified":"2025-07-17T22:21:15+00:00","breadcrumb":{"@id":"https:\/\/pirpirituba.pb.leg.br\/noticias\/vereadores-de-pirpirituba-participam-do-orcamento-cidadao-2025\/#breadcrumb"},"inLanguage":"pt-BR","potentialAction":[{"@type":"ReadAction","target":["https:\/\/pirpirituba.pb.leg.br\/noticias\/vereadores-de-pirpirituba-participam-do-orcamento-cidadao-2025\/"]}]},{"@type":"ImageObject","inLanguage":"pt-BR","@id":"https:\/\/pirpirituba.pb.leg.br\/noticias\/vereadores-de-pirpirituba-participam-do-orcamento-cidadao-2025\/#primaryimage","url":"https:\/\/pirpirituba.pb.leg.br\/wp-content\/uploads\/2025\/07\/WhatsApp-Image-2025-07-17-at-15.57.31-scaled.jpeg","contentUrl":"https:\/\/pirpirituba.pb.leg.br\/wp-content\/uploads\/2025\/07\/WhatsApp-Image-2025-07-17-at-15.57.31-scaled.jpeg","width":2560,"height":1707},{"@type":"BreadcrumbList","@id":"https:\/\/pirpirituba.pb.leg.br\/noticias\/vereadores-de-pirpirituba-participam-do-orcamento-cidadao-2025\/#breadcrumb","itemListElement":[{"@type":"ListItem","position":1,"name":"In\u00edcio","item":"https:\/\/pirpirituba.pb.leg.br\/"},{"@type":"ListItem","position":2,"name":"Vereadores de Pirpirituba Participam do Or\u00e7amento Cidad\u00e3o 2025"}]},{"@type":"WebSite","@id":"https:\/\/pirpirituba.pb.leg.br\/#website","url":"https:\/\/pirpirituba.pb.leg.br\/","name":"C\u00e2mara Municipal de Pirpirituba - PB","description":"","publisher":{"@id":"https:\/\/pirpirituba.pb.leg.br\/#organization"},"potentialAction":[{"@type":"SearchAction","target":{"@type":"EntryPoint","urlTemplate":"https:\/\/pirpirituba.pb.leg.br\/?s={search_term_string}"},"query-input":{"@type":"PropertyValueSpecification","valueRequired":true,"valueName":"search_term_string"}}],"inLanguage":"pt-BR"},{"@type":"Organization","@id":"https:\/\/pirpirituba.pb.leg.br\/#organization","name":"C\u00e2mara Municipal de Pirpirituba - PB","url":"https:\/\/pirpirituba.pb.leg.br\/","logo":{"@type":"ImageObject","inLanguage":"pt-BR","@id":"https:\/\/pirpirituba.pb.leg.br\/#\/schema\/logo\/image\/","url":"https:\/\/pirpirituba.pb.leg.br\/wp-content\/uploads\/2025\/01\/image1.png","contentUrl":"https:\/\/pirpirituba.pb.leg.br\/wp-content\/uploads\/2025\/01\/image1.png","width":300,"height":78,"caption":"C\u00e2mara Municipal de Pirpirituba - PB"},"image":{"@id":"https:\/\/pirpirituba.pb.leg.br\/#\/schema\/logo\/image\/"}},{"@type":"Person","@id":"https:\/\/pirpirituba.pb.leg.br\/#\/schema\/person\/8bc90b9fc557d92690c756e61a4331cc","name":"David Maia","image":{"@type":"ImageObject","inLanguage":"pt-BR","@id":"https:\/\/pirpirituba.pb.leg.br\/#\/schema\/person\/image\/","url":"https:\/\/secure.gravatar.com\/avatar\/5c858f5c6e666e3a3908d316a7bc3634?s=96&d=mm&r=g","contentUrl":"https:\/\/secure.gravatar.com\/avatar\/5c858f5c6e666e3a3908d316a7bc3634?s=96&d=mm&r=g","caption":"David Maia"},"url":"https:\/\/pirpirituba.pb.leg.br\/author\/david\/"}]}},"_links":{"self":[{"href":"https:\/\/pirpirituba.pb.leg.br\/wp-json\/wp\/v2\/posts\/283","targetHints":{"allow":["GET"]}}],"collection":[{"href":"https:\/\/pirpirituba.pb.leg.br\/wp-json\/wp\/v2\/posts"}],"about":[{"href":"https:\/\/pirpirituba.pb.leg.br\/wp-json\/wp\/v2\/types\/post"}],"author":[{"embeddable":true,"href":"https:\/\/pirpirituba.pb.leg.br\/wp-json\/wp\/v2\/users\/3"}],"replies":[{"embeddable":true,"href":"https:\/\/pirpirituba.pb.leg.br\/wp-json\/wp\/v2\/comments?post=283"}],"version-history":[{"count":1,"href":"https:\/\/pirpirituba.pb.leg.br\/wp-json\/wp\/v2\/posts\/283\/revisions"}],"predecessor-version":[{"id":285,"href":"https:\/\/pirpirituba.pb.leg.br\/wp-json\/wp\/v2\/posts\/283\/revisions\/285"}],"wp:featuredmedia":[{"embeddable":true,"href":"https:\/\/pirpirituba.pb.leg.br\/wp-json\/wp\/v2\/media\/284"}],"wp:attachment":[{"href":"https:\/\/pirpirituba.pb.leg.br\/wp-json\/wp\/v2\/media?parent=283"}],"wp:term":[{"taxonomy":"category","embeddable":true,"href":"https:\/\/pirpirituba.pb.leg.br\/wp-json\/wp\/v2\/categories?post=283"},{"taxonomy":"post_tag","embeddable":true,"href":"https:\/\/pirpirituba.pb.leg.br\/wp-json\/wp\/v2\/tags?post=283"}],"curies":[{"name":"wp","href":"https:\/\/api.w.org\/{rel}","templated":true}]}}