{"id":197,"date":"2025-03-29T13:18:27","date_gmt":"2025-03-29T16:18:27","guid":{"rendered":"https:\/\/pirpirituba.pb.leg.br\/?p=197"},"modified":"2025-03-29T13:28:56","modified_gmt":"2025-03-29T16:28:56","slug":"camara-municipal-de-pirpirituba-realiza-sessao-solene-em-homenagem-ao-dia-das-mulheres","status":"publish","type":"post","link":"https:\/\/pirpirituba.pb.leg.br\/noticias\/camara-municipal-de-pirpirituba-realiza-sessao-solene-em-homenagem-ao-dia-das-mulheres\/","title":{"rendered":"C\u00e2mara Municipal de Pirpirituba realiza Sess\u00e3o Solene em homenagem ao Dia das Mulheres"},"content":{"rendered":"<p class=\"\" data-start=\"115\" data-end=\"456\">A <strong data-start=\"117\" data-end=\"152\">C\u00e2mara Municipal de Pirpirituba<\/strong> realizou uma <strong data-start=\"166\" data-end=\"216\">Sess\u00e3o Solene em homenagem ao Dia das Mulheres<\/strong>, celebrando essa data de grande import\u00e2ncia para toda a sociedade. O evento reuniu mais de <strong data-start=\"308\" data-end=\"336\">1.300 mulheres da cidade<\/strong>, que foram homenageadas e reconhecidas por sua for\u00e7a, dedica\u00e7\u00e3o e papel fundamental no desenvolvimento da comunidade.<\/p>\n<p class=\"\" data-start=\"458\" data-end=\"749\">O evento foi bem organizado, garantindo que esta edi\u00e7\u00e3o se tornasse a <strong data-start=\"542\" data-end=\"573\">maior j\u00e1 realizada at\u00e9 hoje<\/strong>. Com uma estrutura preparada para acolher todas as participantes, a solenidade proporcionou um momento \u00fanico de reconhecimento e celebra\u00e7\u00e3o para as mulheres pirpiritubenses.<\/p>\n<p data-start=\"458\" data-end=\"749\">Estiveram presentes todos os vereadores e vereadoras da <strong data-start=\"807\" data-end=\"827\">Casa Legislativa<\/strong>, al\u00e9m da primeira-dama do munic\u00edpio, <strong data-start=\"865\" data-end=\"885\">Juliana Monteiro<\/strong>, que representou o <strong data-start=\"905\" data-end=\"945\">Prefeito Constitucional Danilo Rocha e Secret\u00e1rias do poder Executivo.<\/strong>\u00a0Foi um momento especial, marcado por discursos emocionantes e homenagens que refor\u00e7aram o compromisso da C\u00e2mara com a valoriza\u00e7\u00e3o e o respeito \u00e0s mulheres da cidade.<\/p>\n<p data-start=\"458\" data-end=\"749\">A noite tamb\u00e9m foi marcada por momentos de <strong data-start=\"1159\" data-end=\"1183\">alegria e celebra\u00e7\u00e3o<\/strong>. Todas as mulheres presentes receberam <strong data-start=\"1223\" data-end=\"1234\">brindes<\/strong> como forma de carinho e valoriza\u00e7\u00e3o. Al\u00e9m disso, foram realizados <strong data-start=\"1301\" data-end=\"1332\">sorteios de grandes pr\u00eamios<\/strong>, incluindo <strong data-start=\"1344\" data-end=\"1372\">fog\u00e3o, TV e outros itens<\/strong>, tornando o evento ainda mais especial e emocionante.<\/p>\n<p data-start=\"458\" data-end=\"749\">O presidente da C\u00e2mara, <strong data-start=\"1454\" data-end=\"1485\">Givanilson Lira (Batatinha)<\/strong>, destacou a import\u00e2ncia da solenidade e da luta por mais respeito e igualdade. Em sua fala, ressaltou:<\/p>\n<p data-start=\"458\" data-end=\"749\"><em>\u201c\u00c9 uma grande alegria para mim, como presidente desta Casa, poder participar e colaborar com a realiza\u00e7\u00e3o deste evento t\u00e3o significativo. O Dia das Mulheres \u00e9 mais do que uma data comemorativa, \u00e9 um momento de reflex\u00e3o sobre as conquistas e desafios que ainda enfrentamos. Hoje, homenageamos essas guerreiras que fazem a diferen\u00e7a em nossa cidade e reafirmamos nosso compromisso com pol\u00edticas que garantam mais respeito, igualdade e oportunidades para todas.\u201d<\/em><\/p>\n<p data-start=\"458\" data-end=\"749\">A <strong data-start=\"2061\" data-end=\"2096\">C\u00e2mara Municipal de Pirpirituba<\/strong> segue firme em sua miss\u00e3o de reconhecer e valorizar o papel das mulheres no nosso Munic\u00edpio.<\/p>\n<p data-start=\"458\" data-end=\"749\">\n","protected":false},"excerpt":{"rendered":"<p>A C\u00e2mara Municipal de Pirpirituba realizou uma Sess\u00e3o Solene em homenagem ao Dia das Mulheres, celebrando essa data de grande import\u00e2ncia para toda a sociedade. O evento reuniu mais de 1.300 mulheres da cidade, que foram homenageadas e reconhecidas por sua for\u00e7a, dedica\u00e7\u00e3o e papel fundamental no desenvolvimento da comunidade. O evento foi bem organizado, [&hellip;]<\/p>\n","protected":false},"author":3,"featured_media":198,"comment_status":"open","ping_status":"open","sticky":false,"template":"","format":"standard","meta":{"footnotes":""},"categories":[6],"tags":[],"class_list":["post-197","post","type-post","status-publish","format-standard","has-post-thumbnail","hentry","category-noticias"],"yoast_head":"<!-- This site is optimized with the Yoast SEO plugin v25.1 - https:\/\/yoast.com\/wordpress\/plugins\/seo\/ -->\n<title>C\u00e2mara Municipal de Pirpirituba realiza Sess\u00e3o Solene em homenagem ao Dia das Mulheres - C\u00e2mara Municipal de Pirpirituba - PB<\/title>\n<meta name=\"robots\" content=\"index, follow, max-snippet:-1, max-image-preview:large, max-video-preview:-1\" \/>\n<link rel=\"canonical\" href=\"https:\/\/pirpirituba.pb.leg.br\/noticias\/camara-municipal-de-pirpirituba-realiza-sessao-solene-em-homenagem-ao-dia-das-mulheres\/\" \/>\n<meta property=\"og:locale\" content=\"pt_BR\" \/>\n<meta property=\"og:type\" content=\"article\" \/>\n<meta property=\"og:title\" content=\"C\u00e2mara Municipal de Pirpirituba realiza Sess\u00e3o Solene em homenagem ao Dia das Mulheres - C\u00e2mara Municipal de Pirpirituba - PB\" \/>\n<meta property=\"og:description\" content=\"A C\u00e2mara Municipal de Pirpirituba realizou uma Sess\u00e3o Solene em homenagem ao Dia das Mulheres, celebrando essa data de grande import\u00e2ncia para toda a sociedade. O evento reuniu mais de 1.300 mulheres da cidade, que foram homenageadas e reconhecidas por sua for\u00e7a, dedica\u00e7\u00e3o e papel fundamental no desenvolvimento da comunidade. O evento foi bem organizado, [&hellip;]\" \/>\n<meta property=\"og:url\" content=\"https:\/\/pirpirituba.pb.leg.br\/noticias\/camara-municipal-de-pirpirituba-realiza-sessao-solene-em-homenagem-ao-dia-das-mulheres\/\" \/>\n<meta property=\"og:site_name\" content=\"C\u00e2mara Municipal de Pirpirituba - PB\" \/>\n<meta property=\"article:published_time\" content=\"2025-03-29T16:18:27+00:00\" \/>\n<meta property=\"article:modified_time\" content=\"2025-03-29T16:28:56+00:00\" \/>\n<meta property=\"og:image\" content=\"https:\/\/pirpirituba.pb.leg.br\/wp-content\/uploads\/2025\/03\/WhatsApp-Image-2025-03-29-at-13.17.53-scaled.jpeg\" \/>\n\t<meta property=\"og:image:width\" content=\"2560\" \/>\n\t<meta property=\"og:image:height\" content=\"1706\" \/>\n\t<meta property=\"og:image:type\" content=\"image\/jpeg\" \/>\n<meta name=\"author\" content=\"David Maia\" \/>\n<meta name=\"twitter:card\" content=\"summary_large_image\" \/>\n<meta name=\"twitter:label1\" content=\"Escrito por\" \/>\n\t<meta name=\"twitter:data1\" content=\"David Maia\" \/>\n\t<meta name=\"twitter:label2\" content=\"Est. tempo de leitura\" \/>\n\t<meta name=\"twitter:data2\" content=\"2 minutos\" \/>\n<script type=\"application\/ld+json\" class=\"yoast-schema-graph\">{\"@context\":\"https:\/\/schema.org\",\"@graph\":[{\"@type\":\"Article\",\"@id\":\"https:\/\/pirpirituba.pb.leg.br\/noticias\/camara-municipal-de-pirpirituba-realiza-sessao-solene-em-homenagem-ao-dia-das-mulheres\/#article\",\"isPartOf\":{\"@id\":\"https:\/\/pirpirituba.pb.leg.br\/noticias\/camara-municipal-de-pirpirituba-realiza-sessao-solene-em-homenagem-ao-dia-das-mulheres\/\"},\"author\":{\"name\":\"David Maia\",\"@id\":\"https:\/\/pirpirituba.pb.leg.br\/#\/schema\/person\/8bc90b9fc557d92690c756e61a4331cc\"},\"headline\":\"C\u00e2mara Municipal de Pirpirituba realiza Sess\u00e3o Solene em homenagem ao Dia das Mulheres\",\"datePublished\":\"2025-03-29T16:18:27+00:00\",\"dateModified\":\"2025-03-29T16:28:56+00:00\",\"mainEntityOfPage\":{\"@id\":\"https:\/\/pirpirituba.pb.leg.br\/noticias\/camara-municipal-de-pirpirituba-realiza-sessao-solene-em-homenagem-ao-dia-das-mulheres\/\"},\"wordCount\":346,\"commentCount\":0,\"publisher\":{\"@id\":\"https:\/\/pirpirituba.pb.leg.br\/#organization\"},\"image\":{\"@id\":\"https:\/\/pirpirituba.pb.leg.br\/noticias\/camara-municipal-de-pirpirituba-realiza-sessao-solene-em-homenagem-ao-dia-das-mulheres\/#primaryimage\"},\"thumbnailUrl\":\"https:\/\/pirpirituba.pb.leg.br\/wp-content\/uploads\/2025\/03\/WhatsApp-Image-2025-03-29-at-13.17.53-scaled.jpeg\",\"articleSection\":[\"Not\u00edcias\"],\"inLanguage\":\"pt-BR\",\"potentialAction\":[{\"@type\":\"CommentAction\",\"name\":\"Comment\",\"target\":[\"https:\/\/pirpirituba.pb.leg.br\/noticias\/camara-municipal-de-pirpirituba-realiza-sessao-solene-em-homenagem-ao-dia-das-mulheres\/#respond\"]}]},{\"@type\":\"WebPage\",\"@id\":\"https:\/\/pirpirituba.pb.leg.br\/noticias\/camara-municipal-de-pirpirituba-realiza-sessao-solene-em-homenagem-ao-dia-das-mulheres\/\",\"url\":\"https:\/\/pirpirituba.pb.leg.br\/noticias\/camara-municipal-de-pirpirituba-realiza-sessao-solene-em-homenagem-ao-dia-das-mulheres\/\",\"name\":\"C\u00e2mara Municipal de Pirpirituba realiza Sess\u00e3o Solene em homenagem ao Dia das Mulheres - C\u00e2mara Municipal de Pirpirituba - PB\",\"isPartOf\":{\"@id\":\"https:\/\/pirpirituba.pb.leg.br\/#website\"},\"primaryImageOfPage\":{\"@id\":\"https:\/\/pirpirituba.pb.leg.br\/noticias\/camara-municipal-de-pirpirituba-realiza-sessao-solene-em-homenagem-ao-dia-das-mulheres\/#primaryimage\"},\"image\":{\"@id\":\"https:\/\/pirpirituba.pb.leg.br\/noticias\/camara-municipal-de-pirpirituba-realiza-sessao-solene-em-homenagem-ao-dia-das-mulheres\/#primaryimage\"},\"thumbnailUrl\":\"https:\/\/pirpirituba.pb.leg.br\/wp-content\/uploads\/2025\/03\/WhatsApp-Image-2025-03-29-at-13.17.53-scaled.jpeg\",\"datePublished\":\"2025-03-29T16:18:27+00:00\",\"dateModified\":\"2025-03-29T16:28:56+00:00\",\"breadcrumb\":{\"@id\":\"https:\/\/pirpirituba.pb.leg.br\/noticias\/camara-municipal-de-pirpirituba-realiza-sessao-solene-em-homenagem-ao-dia-das-mulheres\/#breadcrumb\"},\"inLanguage\":\"pt-BR\",\"potentialAction\":[{\"@type\":\"ReadAction\",\"target\":[\"https:\/\/pirpirituba.pb.leg.br\/noticias\/camara-municipal-de-pirpirituba-realiza-sessao-solene-em-homenagem-ao-dia-das-mulheres\/\"]}]},{\"@type\":\"ImageObject\",\"inLanguage\":\"pt-BR\",\"@id\":\"https:\/\/pirpirituba.pb.leg.br\/noticias\/camara-municipal-de-pirpirituba-realiza-sessao-solene-em-homenagem-ao-dia-das-mulheres\/#primaryimage\",\"url\":\"https:\/\/pirpirituba.pb.leg.br\/wp-content\/uploads\/2025\/03\/WhatsApp-Image-2025-03-29-at-13.17.53-scaled.jpeg\",\"contentUrl\":\"https:\/\/pirpirituba.pb.leg.br\/wp-content\/uploads\/2025\/03\/WhatsApp-Image-2025-03-29-at-13.17.53-scaled.jpeg\",\"width\":2560,\"height\":1706},{\"@type\":\"BreadcrumbList\",\"@id\":\"https:\/\/pirpirituba.pb.leg.br\/noticias\/camara-municipal-de-pirpirituba-realiza-sessao-solene-em-homenagem-ao-dia-das-mulheres\/#breadcrumb\",\"itemListElement\":[{\"@type\":\"ListItem\",\"position\":1,\"name\":\"In\u00edcio\",\"item\":\"https:\/\/pirpirituba.pb.leg.br\/\"},{\"@type\":\"ListItem\",\"position\":2,\"name\":\"C\u00e2mara Municipal de Pirpirituba realiza Sess\u00e3o Solene em homenagem ao Dia das Mulheres\"}]},{\"@type\":\"WebSite\",\"@id\":\"https:\/\/pirpirituba.pb.leg.br\/#website\",\"url\":\"https:\/\/pirpirituba.pb.leg.br\/\",\"name\":\"C\u00e2mara Municipal de Pirpirituba - PB\",\"description\":\"\",\"publisher\":{\"@id\":\"https:\/\/pirpirituba.pb.leg.br\/#organization\"},\"potentialAction\":[{\"@type\":\"SearchAction\",\"target\":{\"@type\":\"EntryPoint\",\"urlTemplate\":\"https:\/\/pirpirituba.pb.leg.br\/?s={search_term_string}\"},\"query-input\":{\"@type\":\"PropertyValueSpecification\",\"valueRequired\":true,\"valueName\":\"search_term_string\"}}],\"inLanguage\":\"pt-BR\"},{\"@type\":\"Organization\",\"@id\":\"https:\/\/pirpirituba.pb.leg.br\/#organization\",\"name\":\"C\u00e2mara Municipal de Pirpirituba - PB\",\"url\":\"https:\/\/pirpirituba.pb.leg.br\/\",\"logo\":{\"@type\":\"ImageObject\",\"inLanguage\":\"pt-BR\",\"@id\":\"https:\/\/pirpirituba.pb.leg.br\/#\/schema\/logo\/image\/\",\"url\":\"https:\/\/pirpirituba.pb.leg.br\/wp-content\/uploads\/2025\/01\/image1.png\",\"contentUrl\":\"https:\/\/pirpirituba.pb.leg.br\/wp-content\/uploads\/2025\/01\/image1.png\",\"width\":300,\"height\":78,\"caption\":\"C\u00e2mara Municipal de Pirpirituba - PB\"},\"image\":{\"@id\":\"https:\/\/pirpirituba.pb.leg.br\/#\/schema\/logo\/image\/\"}},{\"@type\":\"Person\",\"@id\":\"https:\/\/pirpirituba.pb.leg.br\/#\/schema\/person\/8bc90b9fc557d92690c756e61a4331cc\",\"name\":\"David Maia\",\"image\":{\"@type\":\"ImageObject\",\"inLanguage\":\"pt-BR\",\"@id\":\"https:\/\/pirpirituba.pb.leg.br\/#\/schema\/person\/image\/\",\"url\":\"https:\/\/secure.gravatar.com\/avatar\/5c858f5c6e666e3a3908d316a7bc3634?s=96&d=mm&r=g\",\"contentUrl\":\"https:\/\/secure.gravatar.com\/avatar\/5c858f5c6e666e3a3908d316a7bc3634?s=96&d=mm&r=g\",\"caption\":\"David Maia\"},\"url\":\"https:\/\/pirpirituba.pb.leg.br\/author\/david\/\"}]}<\/script>\n<!-- \/ Yoast SEO plugin. -->","yoast_head_json":{"title":"C\u00e2mara Municipal de Pirpirituba realiza Sess\u00e3o Solene em homenagem ao Dia das Mulheres - C\u00e2mara Municipal de Pirpirituba - PB","robots":{"index":"index","follow":"follow","max-snippet":"max-snippet:-1","max-image-preview":"max-image-preview:large","max-video-preview":"max-video-preview:-1"},"canonical":"https:\/\/pirpirituba.pb.leg.br\/noticias\/camara-municipal-de-pirpirituba-realiza-sessao-solene-em-homenagem-ao-dia-das-mulheres\/","og_locale":"pt_BR","og_type":"article","og_title":"C\u00e2mara Municipal de Pirpirituba realiza Sess\u00e3o Solene em homenagem ao Dia das Mulheres - C\u00e2mara Municipal de Pirpirituba - PB","og_description":"A C\u00e2mara Municipal de Pirpirituba realizou uma Sess\u00e3o Solene em homenagem ao Dia das Mulheres, celebrando essa data de grande import\u00e2ncia para toda a sociedade. O evento reuniu mais de 1.300 mulheres da cidade, que foram homenageadas e reconhecidas por sua for\u00e7a, dedica\u00e7\u00e3o e papel fundamental no desenvolvimento da comunidade. O evento foi bem organizado, [&hellip;]","og_url":"https:\/\/pirpirituba.pb.leg.br\/noticias\/camara-municipal-de-pirpirituba-realiza-sessao-solene-em-homenagem-ao-dia-das-mulheres\/","og_site_name":"C\u00e2mara Municipal de Pirpirituba - PB","article_published_time":"2025-03-29T16:18:27+00:00","article_modified_time":"2025-03-29T16:28:56+00:00","og_image":[{"width":2560,"height":1706,"url":"https:\/\/pirpirituba.pb.leg.br\/wp-content\/uploads\/2025\/03\/WhatsApp-Image-2025-03-29-at-13.17.53-scaled.jpeg","type":"image\/jpeg"}],"author":"David Maia","twitter_card":"summary_large_image","twitter_misc":{"Escrito por":"David Maia","Est. tempo de leitura":"2 minutos"},"schema":{"@context":"https:\/\/schema.org","@graph":[{"@type":"Article","@id":"https:\/\/pirpirituba.pb.leg.br\/noticias\/camara-municipal-de-pirpirituba-realiza-sessao-solene-em-homenagem-ao-dia-das-mulheres\/#article","isPartOf":{"@id":"https:\/\/pirpirituba.pb.leg.br\/noticias\/camara-municipal-de-pirpirituba-realiza-sessao-solene-em-homenagem-ao-dia-das-mulheres\/"},"author":{"name":"David Maia","@id":"https:\/\/pirpirituba.pb.leg.br\/#\/schema\/person\/8bc90b9fc557d92690c756e61a4331cc"},"headline":"C\u00e2mara Municipal de Pirpirituba realiza Sess\u00e3o Solene em homenagem ao Dia das Mulheres","datePublished":"2025-03-29T16:18:27+00:00","dateModified":"2025-03-29T16:28:56+00:00","mainEntityOfPage":{"@id":"https:\/\/pirpirituba.pb.leg.br\/noticias\/camara-municipal-de-pirpirituba-realiza-sessao-solene-em-homenagem-ao-dia-das-mulheres\/"},"wordCount":346,"commentCount":0,"publisher":{"@id":"https:\/\/pirpirituba.pb.leg.br\/#organization"},"image":{"@id":"https:\/\/pirpirituba.pb.leg.br\/noticias\/camara-municipal-de-pirpirituba-realiza-sessao-solene-em-homenagem-ao-dia-das-mulheres\/#primaryimage"},"thumbnailUrl":"https:\/\/pirpirituba.pb.leg.br\/wp-content\/uploads\/2025\/03\/WhatsApp-Image-2025-03-29-at-13.17.53-scaled.jpeg","articleSection":["Not\u00edcias"],"inLanguage":"pt-BR","potentialAction":[{"@type":"CommentAction","name":"Comment","target":["https:\/\/pirpirituba.pb.leg.br\/noticias\/camara-municipal-de-pirpirituba-realiza-sessao-solene-em-homenagem-ao-dia-das-mulheres\/#respond"]}]},{"@type":"WebPage","@id":"https:\/\/pirpirituba.pb.leg.br\/noticias\/camara-municipal-de-pirpirituba-realiza-sessao-solene-em-homenagem-ao-dia-das-mulheres\/","url":"https:\/\/pirpirituba.pb.leg.br\/noticias\/camara-municipal-de-pirpirituba-realiza-sessao-solene-em-homenagem-ao-dia-das-mulheres\/","name":"C\u00e2mara Municipal de Pirpirituba realiza Sess\u00e3o Solene em homenagem ao Dia das Mulheres - C\u00e2mara Municipal de Pirpirituba - PB","isPartOf":{"@id":"https:\/\/pirpirituba.pb.leg.br\/#website"},"primaryImageOfPage":{"@id":"https:\/\/pirpirituba.pb.leg.br\/noticias\/camara-municipal-de-pirpirituba-realiza-sessao-solene-em-homenagem-ao-dia-das-mulheres\/#primaryimage"},"image":{"@id":"https:\/\/pirpirituba.pb.leg.br\/noticias\/camara-municipal-de-pirpirituba-realiza-sessao-solene-em-homenagem-ao-dia-das-mulheres\/#primaryimage"},"thumbnailUrl":"https:\/\/pirpirituba.pb.leg.br\/wp-content\/uploads\/2025\/03\/WhatsApp-Image-2025-03-29-at-13.17.53-scaled.jpeg","datePublished":"2025-03-29T16:18:27+00:00","dateModified":"2025-03-29T16:28:56+00:00","breadcrumb":{"@id":"https:\/\/pirpirituba.pb.leg.br\/noticias\/camara-municipal-de-pirpirituba-realiza-sessao-solene-em-homenagem-ao-dia-das-mulheres\/#breadcrumb"},"inLanguage":"pt-BR","potentialAction":[{"@type":"ReadAction","target":["https:\/\/pirpirituba.pb.leg.br\/noticias\/camara-municipal-de-pirpirituba-realiza-sessao-solene-em-homenagem-ao-dia-das-mulheres\/"]}]},{"@type":"ImageObject","inLanguage":"pt-BR","@id":"https:\/\/pirpirituba.pb.leg.br\/noticias\/camara-municipal-de-pirpirituba-realiza-sessao-solene-em-homenagem-ao-dia-das-mulheres\/#primaryimage","url":"https:\/\/pirpirituba.pb.leg.br\/wp-content\/uploads\/2025\/03\/WhatsApp-Image-2025-03-29-at-13.17.53-scaled.jpeg","contentUrl":"https:\/\/pirpirituba.pb.leg.br\/wp-content\/uploads\/2025\/03\/WhatsApp-Image-2025-03-29-at-13.17.53-scaled.jpeg","width":2560,"height":1706},{"@type":"BreadcrumbList","@id":"https:\/\/pirpirituba.pb.leg.br\/noticias\/camara-municipal-de-pirpirituba-realiza-sessao-solene-em-homenagem-ao-dia-das-mulheres\/#breadcrumb","itemListElement":[{"@type":"ListItem","position":1,"name":"In\u00edcio","item":"https:\/\/pirpirituba.pb.leg.br\/"},{"@type":"ListItem","position":2,"name":"C\u00e2mara Municipal de Pirpirituba realiza Sess\u00e3o Solene em homenagem ao Dia das Mulheres"}]},{"@type":"WebSite","@id":"https:\/\/pirpirituba.pb.leg.br\/#website","url":"https:\/\/pirpirituba.pb.leg.br\/","name":"C\u00e2mara Municipal de Pirpirituba - PB","description":"","publisher":{"@id":"https:\/\/pirpirituba.pb.leg.br\/#organization"},"potentialAction":[{"@type":"SearchAction","target":{"@type":"EntryPoint","urlTemplate":"https:\/\/pirpirituba.pb.leg.br\/?s={search_term_string}"},"query-input":{"@type":"PropertyValueSpecification","valueRequired":true,"valueName":"search_term_string"}}],"inLanguage":"pt-BR"},{"@type":"Organization","@id":"https:\/\/pirpirituba.pb.leg.br\/#organization","name":"C\u00e2mara Municipal de Pirpirituba - PB","url":"https:\/\/pirpirituba.pb.leg.br\/","logo":{"@type":"ImageObject","inLanguage":"pt-BR","@id":"https:\/\/pirpirituba.pb.leg.br\/#\/schema\/logo\/image\/","url":"https:\/\/pirpirituba.pb.leg.br\/wp-content\/uploads\/2025\/01\/image1.png","contentUrl":"https:\/\/pirpirituba.pb.leg.br\/wp-content\/uploads\/2025\/01\/image1.png","width":300,"height":78,"caption":"C\u00e2mara Municipal de Pirpirituba - PB"},"image":{"@id":"https:\/\/pirpirituba.pb.leg.br\/#\/schema\/logo\/image\/"}},{"@type":"Person","@id":"https:\/\/pirpirituba.pb.leg.br\/#\/schema\/person\/8bc90b9fc557d92690c756e61a4331cc","name":"David Maia","image":{"@type":"ImageObject","inLanguage":"pt-BR","@id":"https:\/\/pirpirituba.pb.leg.br\/#\/schema\/person\/image\/","url":"https:\/\/secure.gravatar.com\/avatar\/5c858f5c6e666e3a3908d316a7bc3634?s=96&d=mm&r=g","contentUrl":"https:\/\/secure.gravatar.com\/avatar\/5c858f5c6e666e3a3908d316a7bc3634?s=96&d=mm&r=g","caption":"David Maia"},"url":"https:\/\/pirpirituba.pb.leg.br\/author\/david\/"}]}},"_links":{"self":[{"href":"https:\/\/pirpirituba.pb.leg.br\/wp-json\/wp\/v2\/posts\/197","targetHints":{"allow":["GET"]}}],"collection":[{"href":"https:\/\/pirpirituba.pb.leg.br\/wp-json\/wp\/v2\/posts"}],"about":[{"href":"https:\/\/pirpirituba.pb.leg.br\/wp-json\/wp\/v2\/types\/post"}],"author":[{"embeddable":true,"href":"https:\/\/pirpirituba.pb.leg.br\/wp-json\/wp\/v2\/users\/3"}],"replies":[{"embeddable":true,"href":"https:\/\/pirpirituba.pb.leg.br\/wp-json\/wp\/v2\/comments?post=197"}],"version-history":[{"count":2,"href":"https:\/\/pirpirituba.pb.leg.br\/wp-json\/wp\/v2\/posts\/197\/revisions"}],"predecessor-version":[{"id":201,"href":"https:\/\/pirpirituba.pb.leg.br\/wp-json\/wp\/v2\/posts\/197\/revisions\/201"}],"wp:featuredmedia":[{"embeddable":true,"href":"https:\/\/pirpirituba.pb.leg.br\/wp-json\/wp\/v2\/media\/198"}],"wp:attachment":[{"href":"https:\/\/pirpirituba.pb.leg.br\/wp-json\/wp\/v2\/media?parent=197"}],"wp:term":[{"taxonomy":"category","embeddable":true,"href":"https:\/\/pirpirituba.pb.leg.br\/wp-json\/wp\/v2\/categories?post=197"},{"taxonomy":"post_tag","embeddable":true,"href":"https:\/\/pirpirituba.pb.leg.br\/wp-json\/wp\/v2\/tags?post=197"}],"curies":[{"name":"wp","href":"https:\/\/api.w.org\/{rel}","templated":true}]}}